{"id":3886,"date":"2022-05-07T13:29:36","date_gmt":"2022-05-07T10:29:36","guid":{"rendered":"https:\/\/sunum.kolay.web.tr\/organik\/?p=3886"},"modified":"2022-05-07T13:29:38","modified_gmt":"2022-05-07T10:29:38","slug":"bademin-faydalari","status":"publish","type":"post","link":"https:\/\/sunum.kolay.web.tr\/organik\/bademin-faydalari\/","title":{"rendered":"Bademin Faydalar\u0131"},"content":{"rendered":"<p>Ge\u00e7mi\u015fi tarih \u00f6ncesine kadar uzanan badem, \u00e7ok eski zamanlarda \u00e7i\u011f olarak t\u00fcketilir ve faydalar\u0131 al\u0131n\u0131rd\u0131. \u00d6mr\u00fc uzatan yiyecekler aras\u0131nda ad\u0131 ge\u00e7en badem, g\u00fcn\u00fcm\u00fczde pek \u00e7ok \u015fekilde t\u00fcketilmektedir. Bizler de bu yaz\u0131da bademi ele alarak sizlere faydalar\u0131, besin de\u011feri ve bademle haz\u0131rlanm\u0131\u015f lezzetli tarifler hakk\u0131nda bilgiler haz\u0131rlad\u0131k. Damaklar\u0131n\u0131z\u0131 lezzetlendiren, sa\u011fl\u0131\u011f\u0131n\u0131z\u0131 koruyan bir yaz\u0131 i\u00e7in haz\u0131rsan\u0131z, ba\u015fl\u0131yoruz<\/p>\n\n\n<figure class=\"wp-block-gallery alignwide has-nested-images columns-default is-cropped wp-block-gallery-1 is-layout-flex wp-block-gallery-is-layout-flex\">\n<figure class=\"wp-block-image\"><img loading=\"lazy\" decoding=\"async\" width=\"1024\" height=\"773\" data-id=\"5868\" src=\"https:\/\/sunum.kolay.web.tr\/organik\/wp-content\/uploads\/2018\/11\/p_06_1430-1024x773.jpg\" alt=\"\" class=\"wp-image-5868\" srcset=\"https:\/\/sunum.kolay.web.tr\/organik\/wp-content\/uploads\/2018\/11\/p_06_1430-1024x773.jpg 1024w, https:\/\/sunum.kolay.web.tr\/organik\/wp-content\/uploads\/2018\/11\/p_06_1430-600x453.jpg 600w, https:\/\/sunum.kolay.web.tr\/organik\/wp-content\/uploads\/2018\/11\/p_06_1430-300x227.jpg 300w, https:\/\/sunum.kolay.web.tr\/organik\/wp-content\/uploads\/2018\/11\/p_06_1430-768x580.jpg 768w, https:\/\/sunum.kolay.web.tr\/organik\/wp-content\/uploads\/2018\/11\/p_06_1430.jpg 1430w\" sizes=\"auto, (max-width: 1024px) 100vw, 1024px\" \/><\/figure>\n\n\n\n<figure class=\"wp-block-image\"><img loading=\"lazy\" decoding=\"async\" width=\"1024\" height=\"773\" data-id=\"5869\" src=\"https:\/\/sunum.kolay.web.tr\/organik\/wp-content\/uploads\/2019\/04\/p_03_1430-1024x773.jpg\" alt=\"\" class=\"wp-image-5869\" srcset=\"https:\/\/sunum.kolay.web.tr\/organik\/wp-content\/uploads\/2019\/04\/p_03_1430-1024x773.jpg 1024w, https:\/\/sunum.kolay.web.tr\/organik\/wp-content\/uploads\/2019\/04\/p_03_1430-600x453.jpg 600w, https:\/\/sunum.kolay.web.tr\/organik\/wp-content\/uploads\/2019\/04\/p_03_1430-300x227.jpg 300w, https:\/\/sunum.kolay.web.tr\/organik\/wp-content\/uploads\/2019\/04\/p_03_1430-768x580.jpg 768w, https:\/\/sunum.kolay.web.tr\/organik\/wp-content\/uploads\/2019\/04\/p_03_1430.jpg 1430w\" sizes=\"auto, (max-width: 1024px) 100vw, 1024px\" \/><\/figure>\n<\/figure>\n\n\n\n<p>Bol bol t\u00fcketmeliyiz.<\/p>\n","protected":false},"excerpt":{"rendered":"<p>Ge\u00e7mi\u015fi tarih \u00f6ncesine kadar uzanan badem, \u00e7ok eski zamanlarda \u00e7i\u011f olarak t\u00fcketilir ve faydalar\u0131 al\u0131n\u0131rd\u0131. \u00d6mr\u00fc uzatan yiyecekler aras\u0131nda ad\u0131 ge\u00e7en badem, g\u00fcn\u00fcm\u00fczde pek \u00e7ok \u015fekilde t\u00fcketilmektedir. Bizler de bu yaz\u0131da bademi ele alarak sizlere faydalar\u0131, besin de\u011feri ve bademle haz\u0131rlanm\u0131\u015f lezzetli tarifler hakk\u0131nda bilgiler haz\u0131rlad\u0131k. Damaklar\u0131n\u0131z\u0131 lezzetlendiren, sa\u011fl\u0131\u011f\u0131n\u0131z\u0131 koruyan bir yaz\u0131 i\u00e7in haz\u0131rsan\u0131z, ba\u015fl\u0131yoruz Bol bol t\u00fcketmeliyiz.<\/p>\n","protected":false},"author":1,"featured_media":5749,"comment_status":"open","ping_status":"open","sticky":false,"template":"","format":"standard","meta":{"footnotes":""},"categories":[1],"tags":[],"class_list":["post-3886","post","type-post","status-publish","format-standard","has-post-thumbnail","hentry","category-blog"],"_links":{"self":[{"href":"https:\/\/sunum.kolay.web.tr\/organik\/wp-json\/wp\/v2\/posts\/3886","targetHints":{"allow":["GET"]}}],"collection":[{"href":"https:\/\/sunum.kolay.web.tr\/organik\/wp-json\/wp\/v2\/posts"}],"about":[{"href":"https:\/\/sunum.kolay.web.tr\/organik\/wp-json\/wp\/v2\/types\/post"}],"author":[{"embeddable":true,"href":"https:\/\/sunum.kolay.web.tr\/organik\/wp-json\/wp\/v2\/users\/1"}],"replies":[{"embeddable":true,"href":"https:\/\/sunum.kolay.web.tr\/organik\/wp-json\/wp\/v2\/comments?post=3886"}],"version-history":[{"count":2,"href":"https:\/\/sunum.kolay.web.tr\/organik\/wp-json\/wp\/v2\/posts\/3886\/revisions"}],"predecessor-version":[{"id":6701,"href":"https:\/\/sunum.kolay.web.tr\/organik\/wp-json\/wp\/v2\/posts\/3886\/revisions\/6701"}],"wp:featuredmedia":[{"embeddable":true,"href":"https:\/\/sunum.kolay.web.tr\/organik\/wp-json\/wp\/v2\/media\/5749"}],"wp:attachment":[{"href":"https:\/\/sunum.kolay.web.tr\/organik\/wp-json\/wp\/v2\/media?parent=3886"}],"wp:term":[{"taxonomy":"category","embeddable":true,"href":"https:\/\/sunum.kolay.web.tr\/organik\/wp-json\/wp\/v2\/categories?post=3886"},{"taxonomy":"post_tag","embeddable":true,"href":"https:\/\/sunum.kolay.web.tr\/organik\/wp-json\/wp\/v2\/tags?post=3886"}],"curies":[{"name":"wp","href":"https:\/\/api.w.org\/{rel}","templated":true}]}}